{"id":4704,"date":"2025-08-06T12:39:47","date_gmt":"2025-08-06T12:39:47","guid":{"rendered":"https:\/\/microentreprendrebasseslaurentides.quebec\/?p=4704"},"modified":"2025-08-08T12:44:14","modified_gmt":"2025-08-08T12:44:14","slug":"la-cabane-a-prestige","status":"publish","type":"post","link":"https:\/\/microentreprendrebasseslaurentides.quebec\/en\/la-cabane-a-prestige\/","title":{"rendered":"La Cabane \u00e0 Prestige\u00a0"},"content":{"rendered":"\t\t<div data-elementor-type=\"wp-post\" data-elementor-id=\"4704\" class=\"elementor elementor-4704\" data-elementor-post-type=\"post\">\n\t\t\t\t\t\t<section class=\"elementor-section elementor-top-section elementor-element elementor-element-68a8a5f6 elementor-section-boxed elementor-section-height-default elementor-section-height-default\" data-id=\"68a8a5f6\" data-element_type=\"section\" data-settings=\"{&quot;background_background&quot;:&quot;classic&quot;}\">\n\t\t\t\t\t\t<div class=\"elementor-container elementor-column-gap-default\">\n\t\t\t\t\t<div class=\"elementor-column elementor-col-50 elementor-top-column elementor-element elementor-element-fbee0eb\" data-id=\"fbee0eb\" data-element_type=\"column\">\n\t\t\t<div class=\"elementor-widget-wrap elementor-element-populated\">\n\t\t\t\t\t\t<div class=\"elementor-element elementor-element-1b8ed808 elementor-widget elementor-widget-theme-post-title elementor-page-title elementor-widget-heading\" data-id=\"1b8ed808\" data-element_type=\"widget\" data-widget_type=\"theme-post-title.default\">\n\t\t\t\t<div class=\"elementor-widget-container\">\n\t\t\t<h3 class=\"elementor-heading-title elementor-size-default\">La Cabane \u00e0 Prestige\u00a0<\/h3>\t\t<\/div>\n\t\t\t\t<\/div>\n\t\t\t\t<div class=\"elementor-element elementor-element-75d64343 elementor-widget elementor-widget-heading\" data-id=\"75d64343\" data-element_type=\"widget\" data-widget_type=\"heading.default\">\n\t\t\t\t<div class=\"elementor-widget-container\">\n\t\t\t<h5 class=\"elementor-heading-title elementor-size-default\">Your go-to for stress-free renovations! <\/h5>\t\t<\/div>\n\t\t\t\t<\/div>\n\t\t\t\t<div class=\"elementor-element elementor-element-75c1acd8 elementor-widget elementor-widget-text-editor\" data-id=\"75c1acd8\" data-element_type=\"widget\" data-widget_type=\"text-editor.default\">\n\t\t\t\t<div class=\"elementor-widget-container\">\n\t\t\t\t\t\t\t<p><span class=\"TextRun SCXW222613674 BCX4\" lang=\"EN-CA\" xml:lang=\"EN-CA\" data-contrast=\"auto\"><span class=\"NormalTextRun SCXW222613674 BCX4\">Based in the Basses-Laurentides, La Cabane \u00e0 Prestige was founded by Jennifer Lajeunesse and \u00c9ric <\/span><span class=\"NormalTextRun SpellingErrorV2Themed SCXW222613674 BCX4\">L\u00e9veill\u00e9<\/span><span class=\"NormalTextRun SCXW222613674 BCX4\">. Specializing in residential construction and renovation, they offer personalized services ranging from custom home design to both interior and exterior renovations. The company stands out for its attention to detail, commitment to quality, and human approach. Every project is an opportunity to create a space that reflects their clients\u2019 dreams and needs. With a professional and attentive team, La Cabane \u00e0 Prestige guarantees <\/span><span class=\"NormalTextRun SCXW222613674 BCX4\">timely<\/span><span class=\"NormalTextRun SCXW222613674 BCX4\"> delivery and client satisfaction.<\/span><\/span><span class=\"EOP SCXW222613674 BCX4\" data-ccp-props=\"{}\">\u00a0<\/span><\/p>\t\t\t\t\t\t<\/div>\n\t\t\t\t<\/div>\n\t\t\t\t\t<\/div>\n\t\t<\/div>\n\t\t\t\t<div class=\"elementor-column elementor-col-50 elementor-top-column elementor-element elementor-element-531ff4b5\" data-id=\"531ff4b5\" data-element_type=\"column\">\n\t\t\t<div class=\"elementor-widget-wrap elementor-element-populated\">\n\t\t\t\t\t\t<div class=\"elementor-element elementor-element-264d88f elementor-widget elementor-widget-theme-post-featured-image elementor-widget-image\" data-id=\"264d88f\" data-element_type=\"widget\" data-widget_type=\"theme-post-featured-image.default\">\n\t\t\t\t<div class=\"elementor-widget-container\">\n\t\t\t\t\t\t\t\t\t\t\t\t\t<img fetchpriority=\"high\" decoding=\"async\" width=\"800\" height=\"836\" src=\"https:\/\/microentreprendrebasseslaurentides.quebec\/wp-content\/uploads\/2025\/06\/Capture-decran-2025-06-23-a-02.16.18.png\" class=\"attachment-large size-large wp-image-4518\" alt=\"\" srcset=\"https:\/\/microentreprendrebasseslaurentides.quebec\/wp-content\/uploads\/2025\/06\/Capture-decran-2025-06-23-a-02.16.18.png 968w, https:\/\/microentreprendrebasseslaurentides.quebec\/wp-content\/uploads\/2025\/06\/Capture-decran-2025-06-23-a-02.16.18-287x300.png 287w, https:\/\/microentreprendrebasseslaurentides.quebec\/wp-content\/uploads\/2025\/06\/Capture-decran-2025-06-23-a-02.16.18-768x803.png 768w\" sizes=\"(max-width: 800px) 100vw, 800px\" \/>\t\t\t\t\t\t\t\t\t\t\t\t\t<\/div>\n\t\t\t\t<\/div>\n\t\t\t\t\t<\/div>\n\t\t<\/div>\n\t\t\t\t\t<\/div>\n\t\t<\/section>\n\t\t\t\t<section class=\"elementor-section elementor-top-section elementor-element elementor-element-4d3d9e53 elementor-section-boxed elementor-section-height-default elementor-section-height-default\" data-id=\"4d3d9e53\" data-element_type=\"section\">\n\t\t\t\t\t\t<div class=\"elementor-container elementor-column-gap-default\">\n\t\t\t\t\t<div class=\"elementor-column elementor-col-100 elementor-top-column elementor-element elementor-element-5b6054\" data-id=\"5b6054\" data-element_type=\"column\">\n\t\t\t<div class=\"elementor-widget-wrap elementor-element-populated\">\n\t\t\t\t\t\t<div class=\"elementor-element elementor-element-3cf048cc elementor-widget-divider--view-line elementor-widget elementor-widget-divider\" data-id=\"3cf048cc\" data-element_type=\"widget\" data-widget_type=\"divider.default\">\n\t\t\t\t<div class=\"elementor-widget-container\">\n\t\t\t\t\t<div class=\"elementor-divider\">\n\t\t\t<span class=\"elementor-divider-separator\">\n\t\t\t\t\t\t<\/span>\n\t\t<\/div>\n\t\t\t\t<\/div>\n\t\t\t\t<\/div>\n\t\t\t\t\t<\/div>\n\t\t<\/div>\n\t\t\t\t\t<\/div>\n\t\t<\/section>\n\t\t\t\t<section class=\"elementor-section elementor-top-section elementor-element elementor-element-6266deb1 elementor-section-boxed elementor-section-height-default elementor-section-height-default\" data-id=\"6266deb1\" data-element_type=\"section\" data-settings=\"{&quot;background_background&quot;:&quot;classic&quot;}\">\n\t\t\t\t\t\t<div class=\"elementor-container elementor-column-gap-default\">\n\t\t\t\t\t<div class=\"elementor-column elementor-col-33 elementor-top-column elementor-element elementor-element-14b366b4\" data-id=\"14b366b4\" data-element_type=\"column\">\n\t\t\t<div class=\"elementor-widget-wrap elementor-element-populated\">\n\t\t\t\t\t\t<div class=\"elementor-element elementor-element-2eff725e elementor-widget elementor-widget-image\" data-id=\"2eff725e\" data-element_type=\"widget\" data-widget_type=\"image.default\">\n\t\t\t\t<div class=\"elementor-widget-container\">\n\t\t\t\t\t\t\t\t\t\t\t\t\t<img decoding=\"async\" width=\"568\" height=\"282\" src=\"https:\/\/microentreprendrebasseslaurentides.quebec\/wp-content\/uploads\/2025\/06\/Capture-decran-2025-06-23-a-02.16.08.png\" class=\"attachment-large size-large wp-image-4516\" alt=\"\" srcset=\"https:\/\/microentreprendrebasseslaurentides.quebec\/wp-content\/uploads\/2025\/06\/Capture-decran-2025-06-23-a-02.16.08.png 568w, https:\/\/microentreprendrebasseslaurentides.quebec\/wp-content\/uploads\/2025\/06\/Capture-decran-2025-06-23-a-02.16.08-300x149.png 300w\" sizes=\"(max-width: 568px) 100vw, 568px\" \/>\t\t\t\t\t\t\t\t\t\t\t\t\t<\/div>\n\t\t\t\t<\/div>\n\t\t\t\t\t<\/div>\n\t\t<\/div>\n\t\t\t\t<div class=\"elementor-column elementor-col-33 elementor-top-column elementor-element elementor-element-2f0d0d2f\" data-id=\"2f0d0d2f\" data-element_type=\"column\">\n\t\t\t<div class=\"elementor-widget-wrap elementor-element-populated\">\n\t\t\t\t\t\t<div class=\"elementor-element elementor-element-2857bf9d elementor-widget elementor-widget-heading\" data-id=\"2857bf9d\" data-element_type=\"widget\" data-widget_type=\"heading.default\">\n\t\t\t\t<div class=\"elementor-widget-container\">\n\t\t\t<h5 class=\"elementor-heading-title elementor-size-default\">Adresse<\/h5>\t\t<\/div>\n\t\t\t\t<\/div>\n\t\t\t\t<div class=\"elementor-element elementor-element-425350ae elementor-widget elementor-widget-text-editor\" data-id=\"425350ae\" data-element_type=\"widget\" data-widget_type=\"text-editor.default\">\n\t\t\t\t<div class=\"elementor-widget-container\">\n\t\t\t\t\t\t\t<p>Mirabel, Quebec<\/p>\t\t\t\t\t\t<\/div>\n\t\t\t\t<\/div>\n\t\t\t\t\t<\/div>\n\t\t<\/div>\n\t\t\t\t<div class=\"elementor-column elementor-col-33 elementor-top-column elementor-element elementor-element-5ff54e7b\" data-id=\"5ff54e7b\" data-element_type=\"column\">\n\t\t\t<div class=\"elementor-widget-wrap elementor-element-populated\">\n\t\t\t\t\t\t<div class=\"elementor-element elementor-element-29b4c52c elementor-widget elementor-widget-heading\" data-id=\"29b4c52c\" data-element_type=\"widget\" data-widget_type=\"heading.default\">\n\t\t\t\t<div class=\"elementor-widget-container\">\n\t\t\t<h5 class=\"elementor-heading-title elementor-size-default\">Contact<\/h5>\t\t<\/div>\n\t\t\t\t<\/div>\n\t\t\t\t<div class=\"elementor-element elementor-element-2f3607cf elementor-widget elementor-widget-text-editor\" data-id=\"2f3607cf\" data-element_type=\"widget\" data-widget_type=\"text-editor.default\">\n\t\t\t\t<div class=\"elementor-widget-container\">\n\t\t\t\t\t\t\t<p><span class=\"TextRun SCXW6120505 BCX4\" lang=\"FR-CA\" xml:lang=\"FR-CA\" data-contrast=\"auto\"><span class=\"NormalTextRun SCXW6120505 BCX4\" data-ccp-parastyle=\"Normal (Web)\">Jennifer <\/span><span class=\"NormalTextRun SpellingErrorV2Themed SpellingErrorHighlight SCXW6120505 BCX4\" data-ccp-parastyle=\"Normal (Web)\">Lajeunesse<\/span><span class=\"NormalTextRun SCXW6120505 BCX4\" data-ccp-parastyle=\"Normal (Web)\"> et \u00c9ric L\u00e9veill\u00e9<\/span><\/span><span class=\"EOP SCXW6120505 BCX4\" data-ccp-props=\"{&quot;134233117&quot;:true,&quot;134233118&quot;:true,&quot;201341983&quot;:0,&quot;335559685&quot;:720,&quot;335559740&quot;:240}\">\u00a0<\/span><\/p>\t\t\t\t\t\t<\/div>\n\t\t\t\t<\/div>\n\t\t\t\t<div class=\"elementor-element elementor-element-2216368e elementor-icon-list--layout-traditional elementor-list-item-link-full_width elementor-widget elementor-widget-icon-list\" data-id=\"2216368e\" data-element_type=\"widget\" data-widget_type=\"icon-list.default\">\n\t\t\t\t<div class=\"elementor-widget-container\">\n\t\t\t\t\t<ul class=\"elementor-icon-list-items\">\n\t\t\t\t\t\t\t<li class=\"elementor-icon-list-item\">\n\t\t\t\t\t\t\t\t\t\t\t<span class=\"elementor-icon-list-icon\">\n\t\t\t\t\t\t\t<i aria-hidden=\"true\" class=\"fab fa-facebook\"><\/i>\t\t\t\t\t\t<\/span>\n\t\t\t\t\t\t\t\t\t\t<span class=\"elementor-icon-list-text\">Facebook<\/span>\n\t\t\t\t\t\t\t\t\t<\/li>\n\t\t\t\t\t\t<\/ul>\n\t\t\t\t<\/div>\n\t\t\t\t<\/div>\n\t\t\t\t\t<\/div>\n\t\t<\/div>\n\t\t\t\t\t<\/div>\n\t\t<\/section>\n\t\t\t\t<\/div>\n\t\t","protected":false},"excerpt":{"rendered":"<p>Your go-to for stress-free renovations! Based in the Basses-Laurentides, La Cabane \u00e0 Prestige was founded by Jennifer Lajeunesse and \u00c9ric L\u00e9veill\u00e9. Specializing in residential construction and renovation, they offer personalized services ranging from custom home design to both interior and exterior renovations. The company stands out for its attention to detail, commitment to quality, and [&hellip;]<\/p>\n","protected":false},"author":8,"featured_media":0,"comment_status":"closed","ping_status":"closed","sticky":false,"template":"","format":"standard","meta":{"footnotes":""},"categories":[39],"tags":[],"yoast_head":"<!-- This site is optimized with the Yoast SEO plugin v22.7 - https:\/\/yoast.com\/wordpress\/plugins\/seo\/ -->\n<title>La Cabane \u00e0 Prestige\u00a0 - MicroEntreprendre Basses-Laurentides<\/title>\n<meta name=\"robots\" content=\"index, follow, max-snippet:-1, max-image-preview:large, max-video-preview:-1\" \/>\n<link rel=\"canonical\" href=\"https:\/\/microentreprendrebasseslaurentides.quebec\/en\/la-cabane-a-prestige\/\" \/>\n<meta property=\"og:locale\" content=\"en_US\" \/>\n<meta property=\"og:type\" content=\"article\" \/>\n<meta property=\"og:title\" content=\"La Cabane \u00e0 Prestige\u00a0 - MicroEntreprendre Basses-Laurentides\" \/>\n<meta property=\"og:description\" content=\"Your go-to for stress-free renovations! Based in the Basses-Laurentides, La Cabane \u00e0 Prestige was founded by Jennifer Lajeunesse and \u00c9ric L\u00e9veill\u00e9. Specializing in residential construction and renovation, they offer personalized services ranging from custom home design to both interior and exterior renovations. The company stands out for its attention to detail, commitment to quality, and [&hellip;]\" \/>\n<meta property=\"og:url\" content=\"https:\/\/microentreprendrebasseslaurentides.quebec\/en\/la-cabane-a-prestige\/\" \/>\n<meta property=\"og:site_name\" content=\"MicroEntreprendre Basses-Laurentides\" \/>\n<meta property=\"article:publisher\" content=\"https:\/\/www.facebook.com\/MicroEntreprendreBassesLaurentides\/\" \/>\n<meta property=\"article:published_time\" content=\"2025-08-06T12:39:47+00:00\" \/>\n<meta property=\"article:modified_time\" content=\"2025-08-08T12:44:14+00:00\" \/>\n<meta property=\"og:image\" content=\"https:\/\/microentreprendrebasseslaurentides.quebec\/wp-content\/uploads\/2025\/06\/Capture-decran-2025-06-23-a-02.16.08.png\" \/>\n<meta name=\"author\" content=\"Didier Villeneuve\" \/>\n<meta name=\"twitter:card\" content=\"summary_large_image\" \/>\n<meta name=\"twitter:label1\" content=\"Written by\" \/>\n\t<meta name=\"twitter:data1\" content=\"Didier Villeneuve\" \/>\n\t<meta name=\"twitter:label2\" content=\"Est. reading time\" \/>\n\t<meta name=\"twitter:data2\" content=\"1 minute\" \/>\n<script type=\"application\/ld+json\" class=\"yoast-schema-graph\">{\"@context\":\"https:\/\/schema.org\",\"@graph\":[{\"@type\":\"Article\",\"@id\":\"https:\/\/microentreprendrebasseslaurentides.quebec\/en\/la-cabane-a-prestige\/#article\",\"isPartOf\":{\"@id\":\"https:\/\/microentreprendrebasseslaurentides.quebec\/en\/la-cabane-a-prestige\/\"},\"author\":{\"name\":\"Didier Villeneuve\",\"@id\":\"https:\/\/microentreprendrebasseslaurentides.quebec\/en\/#\/schema\/person\/340d9d61ef17176876f499f4d4af4768\"},\"headline\":\"La Cabane \u00e0 Prestige\u00a0\",\"datePublished\":\"2025-08-06T12:39:47+00:00\",\"dateModified\":\"2025-08-08T12:44:14+00:00\",\"mainEntityOfPage\":{\"@id\":\"https:\/\/microentreprendrebasseslaurentides.quebec\/en\/la-cabane-a-prestige\/\"},\"wordCount\":102,\"publisher\":{\"@id\":\"https:\/\/microentreprendrebasseslaurentides.quebec\/en\/#organization\"},\"image\":{\"@id\":\"https:\/\/microentreprendrebasseslaurentides.quebec\/en\/la-cabane-a-prestige\/#primaryimage\"},\"thumbnailUrl\":\"https:\/\/microentreprendrebasseslaurentides.quebec\/wp-content\/uploads\/2025\/06\/Capture-decran-2025-06-23-a-02.16.08.png\",\"articleSection\":[\"2024-2025\"],\"inLanguage\":\"en-US\"},{\"@type\":\"WebPage\",\"@id\":\"https:\/\/microentreprendrebasseslaurentides.quebec\/en\/la-cabane-a-prestige\/\",\"url\":\"https:\/\/microentreprendrebasseslaurentides.quebec\/en\/la-cabane-a-prestige\/\",\"name\":\"La Cabane \u00e0 Prestige\u00a0 - MicroEntreprendre Basses-Laurentides\",\"isPartOf\":{\"@id\":\"https:\/\/microentreprendrebasseslaurentides.quebec\/en\/#website\"},\"primaryImageOfPage\":{\"@id\":\"https:\/\/microentreprendrebasseslaurentides.quebec\/en\/la-cabane-a-prestige\/#primaryimage\"},\"image\":{\"@id\":\"https:\/\/microentreprendrebasseslaurentides.quebec\/en\/la-cabane-a-prestige\/#primaryimage\"},\"thumbnailUrl\":\"https:\/\/microentreprendrebasseslaurentides.quebec\/wp-content\/uploads\/2025\/06\/Capture-decran-2025-06-23-a-02.16.08.png\",\"datePublished\":\"2025-08-06T12:39:47+00:00\",\"dateModified\":\"2025-08-08T12:44:14+00:00\",\"breadcrumb\":{\"@id\":\"https:\/\/microentreprendrebasseslaurentides.quebec\/en\/la-cabane-a-prestige\/#breadcrumb\"},\"inLanguage\":\"en-US\",\"potentialAction\":[{\"@type\":\"ReadAction\",\"target\":[\"https:\/\/microentreprendrebasseslaurentides.quebec\/en\/la-cabane-a-prestige\/\"]}]},{\"@type\":\"ImageObject\",\"inLanguage\":\"en-US\",\"@id\":\"https:\/\/microentreprendrebasseslaurentides.quebec\/en\/la-cabane-a-prestige\/#primaryimage\",\"url\":\"https:\/\/microentreprendrebasseslaurentides.quebec\/wp-content\/uploads\/2025\/06\/Capture-decran-2025-06-23-a-02.16.08.png\",\"contentUrl\":\"https:\/\/microentreprendrebasseslaurentides.quebec\/wp-content\/uploads\/2025\/06\/Capture-decran-2025-06-23-a-02.16.08.png\"},{\"@type\":\"BreadcrumbList\",\"@id\":\"https:\/\/microentreprendrebasseslaurentides.quebec\/en\/la-cabane-a-prestige\/#breadcrumb\",\"itemListElement\":[{\"@type\":\"ListItem\",\"position\":1,\"name\":\"Accueil\",\"item\":\"https:\/\/microentreprendrebasseslaurentides.quebec\/en\/index\/\"},{\"@type\":\"ListItem\",\"position\":2,\"name\":\"La Cabane \u00e0 Prestige\u00a0\"}]},{\"@type\":\"WebSite\",\"@id\":\"https:\/\/microentreprendrebasseslaurentides.quebec\/en\/#website\",\"url\":\"https:\/\/microentreprendrebasseslaurentides.quebec\/en\/\",\"name\":\"MicroEntreprendre Basses-Laurentides\",\"description\":\"Fonds communautaire d&#039;acc\u00e8s au micro-cr\u00e9dit\",\"publisher\":{\"@id\":\"https:\/\/microentreprendrebasseslaurentides.quebec\/en\/#organization\"},\"potentialAction\":[{\"@type\":\"SearchAction\",\"target\":{\"@type\":\"EntryPoint\",\"urlTemplate\":\"https:\/\/microentreprendrebasseslaurentides.quebec\/en\/?s={search_term_string}\"},\"query-input\":\"required name=search_term_string\"}],\"inLanguage\":\"en-US\"},{\"@type\":\"Organization\",\"@id\":\"https:\/\/microentreprendrebasseslaurentides.quebec\/en\/#organization\",\"name\":\"MicroEntreprendre Basses-Laurentides\",\"url\":\"https:\/\/microentreprendrebasseslaurentides.quebec\/en\/\",\"logo\":{\"@type\":\"ImageObject\",\"inLanguage\":\"en-US\",\"@id\":\"https:\/\/microentreprendrebasseslaurentides.quebec\/en\/#\/schema\/logo\/image\/\",\"url\":\"https:\/\/microentreprendrebasseslaurentides.quebec\/wp-content\/uploads\/2022\/06\/LOGO_microEntreprendre_BL_512.jpg\",\"contentUrl\":\"https:\/\/microentreprendrebasseslaurentides.quebec\/wp-content\/uploads\/2022\/06\/LOGO_microEntreprendre_BL_512.jpg\",\"width\":512,\"height\":512,\"caption\":\"MicroEntreprendre Basses-Laurentides\"},\"image\":{\"@id\":\"https:\/\/microentreprendrebasseslaurentides.quebec\/en\/#\/schema\/logo\/image\/\"},\"sameAs\":[\"https:\/\/www.facebook.com\/MicroEntreprendreBassesLaurentides\/\"]},{\"@type\":\"Person\",\"@id\":\"https:\/\/microentreprendrebasseslaurentides.quebec\/en\/#\/schema\/person\/340d9d61ef17176876f499f4d4af4768\",\"name\":\"Didier Villeneuve\",\"image\":{\"@type\":\"ImageObject\",\"inLanguage\":\"en-US\",\"@id\":\"https:\/\/microentreprendrebasseslaurentides.quebec\/en\/#\/schema\/person\/image\/\",\"url\":\"https:\/\/secure.gravatar.com\/avatar\/2c86fff14fc02047ac1dcfc5252cdfec?s=96&d=mm&r=g\",\"contentUrl\":\"https:\/\/secure.gravatar.com\/avatar\/2c86fff14fc02047ac1dcfc5252cdfec?s=96&d=mm&r=g\",\"caption\":\"Didier Villeneuve\"},\"url\":\"https:\/\/microentreprendrebasseslaurentides.quebec\/en\/author\/didier\/\"}]}<\/script>\n<!-- \/ Yoast SEO plugin. -->","yoast_head_json":{"title":"La Cabane \u00e0 Prestige\u00a0 - MicroEntreprendre Basses-Laurentides","robots":{"index":"index","follow":"follow","max-snippet":"max-snippet:-1","max-image-preview":"max-image-preview:large","max-video-preview":"max-video-preview:-1"},"canonical":"https:\/\/microentreprendrebasseslaurentides.quebec\/en\/la-cabane-a-prestige\/","og_locale":"en_US","og_type":"article","og_title":"La Cabane \u00e0 Prestige\u00a0 - MicroEntreprendre Basses-Laurentides","og_description":"Your go-to for stress-free renovations! Based in the Basses-Laurentides, La Cabane \u00e0 Prestige was founded by Jennifer Lajeunesse and \u00c9ric L\u00e9veill\u00e9. Specializing in residential construction and renovation, they offer personalized services ranging from custom home design to both interior and exterior renovations. The company stands out for its attention to detail, commitment to quality, and [&hellip;]","og_url":"https:\/\/microentreprendrebasseslaurentides.quebec\/en\/la-cabane-a-prestige\/","og_site_name":"MicroEntreprendre Basses-Laurentides","article_publisher":"https:\/\/www.facebook.com\/MicroEntreprendreBassesLaurentides\/","article_published_time":"2025-08-06T12:39:47+00:00","article_modified_time":"2025-08-08T12:44:14+00:00","og_image":[{"url":"https:\/\/microentreprendrebasseslaurentides.quebec\/wp-content\/uploads\/2025\/06\/Capture-decran-2025-06-23-a-02.16.08.png"}],"author":"Didier Villeneuve","twitter_card":"summary_large_image","twitter_misc":{"Written by":"Didier Villeneuve","Est. reading time":"1 minute"},"schema":{"@context":"https:\/\/schema.org","@graph":[{"@type":"Article","@id":"https:\/\/microentreprendrebasseslaurentides.quebec\/en\/la-cabane-a-prestige\/#article","isPartOf":{"@id":"https:\/\/microentreprendrebasseslaurentides.quebec\/en\/la-cabane-a-prestige\/"},"author":{"name":"Didier Villeneuve","@id":"https:\/\/microentreprendrebasseslaurentides.quebec\/en\/#\/schema\/person\/340d9d61ef17176876f499f4d4af4768"},"headline":"La Cabane \u00e0 Prestige\u00a0","datePublished":"2025-08-06T12:39:47+00:00","dateModified":"2025-08-08T12:44:14+00:00","mainEntityOfPage":{"@id":"https:\/\/microentreprendrebasseslaurentides.quebec\/en\/la-cabane-a-prestige\/"},"wordCount":102,"publisher":{"@id":"https:\/\/microentreprendrebasseslaurentides.quebec\/en\/#organization"},"image":{"@id":"https:\/\/microentreprendrebasseslaurentides.quebec\/en\/la-cabane-a-prestige\/#primaryimage"},"thumbnailUrl":"https:\/\/microentreprendrebasseslaurentides.quebec\/wp-content\/uploads\/2025\/06\/Capture-decran-2025-06-23-a-02.16.08.png","articleSection":["2024-2025"],"inLanguage":"en-US"},{"@type":"WebPage","@id":"https:\/\/microentreprendrebasseslaurentides.quebec\/en\/la-cabane-a-prestige\/","url":"https:\/\/microentreprendrebasseslaurentides.quebec\/en\/la-cabane-a-prestige\/","name":"La Cabane \u00e0 Prestige\u00a0 - MicroEntreprendre Basses-Laurentides","isPartOf":{"@id":"https:\/\/microentreprendrebasseslaurentides.quebec\/en\/#website"},"primaryImageOfPage":{"@id":"https:\/\/microentreprendrebasseslaurentides.quebec\/en\/la-cabane-a-prestige\/#primaryimage"},"image":{"@id":"https:\/\/microentreprendrebasseslaurentides.quebec\/en\/la-cabane-a-prestige\/#primaryimage"},"thumbnailUrl":"https:\/\/microentreprendrebasseslaurentides.quebec\/wp-content\/uploads\/2025\/06\/Capture-decran-2025-06-23-a-02.16.08.png","datePublished":"2025-08-06T12:39:47+00:00","dateModified":"2025-08-08T12:44:14+00:00","breadcrumb":{"@id":"https:\/\/microentreprendrebasseslaurentides.quebec\/en\/la-cabane-a-prestige\/#breadcrumb"},"inLanguage":"en-US","potentialAction":[{"@type":"ReadAction","target":["https:\/\/microentreprendrebasseslaurentides.quebec\/en\/la-cabane-a-prestige\/"]}]},{"@type":"ImageObject","inLanguage":"en-US","@id":"https:\/\/microentreprendrebasseslaurentides.quebec\/en\/la-cabane-a-prestige\/#primaryimage","url":"https:\/\/microentreprendrebasseslaurentides.quebec\/wp-content\/uploads\/2025\/06\/Capture-decran-2025-06-23-a-02.16.08.png","contentUrl":"https:\/\/microentreprendrebasseslaurentides.quebec\/wp-content\/uploads\/2025\/06\/Capture-decran-2025-06-23-a-02.16.08.png"},{"@type":"BreadcrumbList","@id":"https:\/\/microentreprendrebasseslaurentides.quebec\/en\/la-cabane-a-prestige\/#breadcrumb","itemListElement":[{"@type":"ListItem","position":1,"name":"Accueil","item":"https:\/\/microentreprendrebasseslaurentides.quebec\/en\/index\/"},{"@type":"ListItem","position":2,"name":"La Cabane \u00e0 Prestige\u00a0"}]},{"@type":"WebSite","@id":"https:\/\/microentreprendrebasseslaurentides.quebec\/en\/#website","url":"https:\/\/microentreprendrebasseslaurentides.quebec\/en\/","name":"MicroEntreprendre Basses-Laurentides","description":"Fonds communautaire d&#039;acc\u00e8s au micro-cr\u00e9dit","publisher":{"@id":"https:\/\/microentreprendrebasseslaurentides.quebec\/en\/#organization"},"potentialAction":[{"@type":"SearchAction","target":{"@type":"EntryPoint","urlTemplate":"https:\/\/microentreprendrebasseslaurentides.quebec\/en\/?s={search_term_string}"},"query-input":"required name=search_term_string"}],"inLanguage":"en-US"},{"@type":"Organization","@id":"https:\/\/microentreprendrebasseslaurentides.quebec\/en\/#organization","name":"MicroEntreprendre Basses-Laurentides","url":"https:\/\/microentreprendrebasseslaurentides.quebec\/en\/","logo":{"@type":"ImageObject","inLanguage":"en-US","@id":"https:\/\/microentreprendrebasseslaurentides.quebec\/en\/#\/schema\/logo\/image\/","url":"https:\/\/microentreprendrebasseslaurentides.quebec\/wp-content\/uploads\/2022\/06\/LOGO_microEntreprendre_BL_512.jpg","contentUrl":"https:\/\/microentreprendrebasseslaurentides.quebec\/wp-content\/uploads\/2022\/06\/LOGO_microEntreprendre_BL_512.jpg","width":512,"height":512,"caption":"MicroEntreprendre Basses-Laurentides"},"image":{"@id":"https:\/\/microentreprendrebasseslaurentides.quebec\/en\/#\/schema\/logo\/image\/"},"sameAs":["https:\/\/www.facebook.com\/MicroEntreprendreBassesLaurentides\/"]},{"@type":"Person","@id":"https:\/\/microentreprendrebasseslaurentides.quebec\/en\/#\/schema\/person\/340d9d61ef17176876f499f4d4af4768","name":"Didier Villeneuve","image":{"@type":"ImageObject","inLanguage":"en-US","@id":"https:\/\/microentreprendrebasseslaurentides.quebec\/en\/#\/schema\/person\/image\/","url":"https:\/\/secure.gravatar.com\/avatar\/2c86fff14fc02047ac1dcfc5252cdfec?s=96&d=mm&r=g","contentUrl":"https:\/\/secure.gravatar.com\/avatar\/2c86fff14fc02047ac1dcfc5252cdfec?s=96&d=mm&r=g","caption":"Didier Villeneuve"},"url":"https:\/\/microentreprendrebasseslaurentides.quebec\/en\/author\/didier\/"}]}},"_links":{"self":[{"href":"https:\/\/microentreprendrebasseslaurentides.quebec\/en\/wp-json\/wp\/v2\/posts\/4704"}],"collection":[{"href":"https:\/\/microentreprendrebasseslaurentides.quebec\/en\/wp-json\/wp\/v2\/posts"}],"about":[{"href":"https:\/\/microentreprendrebasseslaurentides.quebec\/en\/wp-json\/wp\/v2\/types\/post"}],"author":[{"embeddable":true,"href":"https:\/\/microentreprendrebasseslaurentides.quebec\/en\/wp-json\/wp\/v2\/users\/8"}],"replies":[{"embeddable":true,"href":"https:\/\/microentreprendrebasseslaurentides.quebec\/en\/wp-json\/wp\/v2\/comments?post=4704"}],"version-history":[{"count":4,"href":"https:\/\/microentreprendrebasseslaurentides.quebec\/en\/wp-json\/wp\/v2\/posts\/4704\/revisions"}],"predecessor-version":[{"id":4710,"href":"https:\/\/microentreprendrebasseslaurentides.quebec\/en\/wp-json\/wp\/v2\/posts\/4704\/revisions\/4710"}],"wp:attachment":[{"href":"https:\/\/microentreprendrebasseslaurentides.quebec\/en\/wp-json\/wp\/v2\/media?parent=4704"}],"wp:term":[{"taxonomy":"category","embeddable":true,"href":"https:\/\/microentreprendrebasseslaurentides.quebec\/en\/wp-json\/wp\/v2\/categories?post=4704"},{"taxonomy":"post_tag","embeddable":true,"href":"https:\/\/microentreprendrebasseslaurentides.quebec\/en\/wp-json\/wp\/v2\/tags?post=4704"}],"curies":[{"name":"wp","href":"https:\/\/api.w.org\/{rel}","templated":true}]}}